{"id":1222,"date":"2016-08-24T13:57:34","date_gmt":"2016-08-24T11:57:34","guid":{"rendered":"http:\/\/www.cquartier-saintrambert-ilebarbe.fr\/?p=1222"},"modified":"2016-08-24T13:57:34","modified_gmt":"2016-08-24T11:57:34","slug":"reprise-des-activites-du-conseil-de-quartier","status":"publish","type":"post","link":"https:\/\/www.cquartier-saintrambert-ilebarbe.fr\/wp\/2016\/08\/24\/reprise-des-activites-du-conseil-de-quartier\/","title":{"rendered":"Reprise des activit\u00e9s du Conseil de Quartier"},"content":{"rendered":"<h1><em>Attention, \u00e9v\u00e9nements \u00e0 venir&#8230;<\/em><\/h1>\n<p>Apr\u00e8s la tr\u00eave estivale, pendant laquelle les membres du Conseil de Quartier sont rest\u00e9s vigilants particuli\u00e8rement en ce qui concerne les nombreux chantiers en cours sur le secteur Saint-Rambert &#8211; l&rsquo;Ile Barbe, le conseil reprend ses activit\u00e9s, avec les r\u00e9unions de commissions (ouverte \u00e0 tous) et la pr\u00e9paration des deux grands \u00e9v\u00e9nements de la rentr\u00e9e :<\/p>\n<h2 style=\"text-align: center;\"><span style=\"color: #0000ff;\">Les Journ\u00e9es Europ\u00e9ennes du Patrimoine<\/span><\/h2>\n<h2 style=\"text-align: center;\"><span style=\"color: #0000ff;\">les 17 et 18 septembre<\/span><\/h2>\n<p>et<\/p>\n<h2 style=\"text-align: center;\"><span style=\"color: #0000ff;\">l&rsquo;Ap\u00e9ritif de l&rsquo;Amiti\u00e9<\/span><\/h2>\n<h2 style=\"text-align: center;\"><span style=\"color: #0000ff;\">le samedi 1 octobre<\/span><\/h2>\n<p>Rendez-vous tr\u00e8s bient\u00f4t pour plus d&rsquo;informations.<\/p>\n","protected":false},"excerpt":{"rendered":"<p>Attention, \u00e9v\u00e9nements \u00e0 venir&#8230; Apr\u00e8s la tr\u00eave estivale, pendant laquelle les membres du Conseil de Quartier sont rest\u00e9s vigilants particuli\u00e8rement en ce qui concerne les nombreux chantiers en cours sur le secteur Saint-Rambert &#8211; l&rsquo;Ile Barbe, le conseil reprend ses &hellip; <a href=\"https:\/\/www.cquartier-saintrambert-ilebarbe.fr\/wp\/2016\/08\/24\/reprise-des-activites-du-conseil-de-quartier\/\">Continuer la lecture <span class=\"meta-nav\">&rarr;<\/span><\/a><\/p>\n","protected":false},"author":4,"featured_media":0,"comment_status":"closed","ping_status":"open","sticky":false,"template":"","format":"standard","meta":{"footnotes":""},"categories":[73,27,29,19],"tags":[71,72,23,54],"class_list":["post-1222","post","type-post","status-publish","format-standard","hentry","category-aperitif-de-lamitie","category-evenement","category-jep","category-news","tag-amitie","tag-aperitif","tag-evenement","tag-jep"],"_links":{"self":[{"href":"https:\/\/www.cquartier-saintrambert-ilebarbe.fr\/wp\/wp-json\/wp\/v2\/posts\/1222","targetHints":{"allow":["GET"]}}],"collection":[{"href":"https:\/\/www.cquartier-saintrambert-ilebarbe.fr\/wp\/wp-json\/wp\/v2\/posts"}],"about":[{"href":"https:\/\/www.cquartier-saintrambert-ilebarbe.fr\/wp\/wp-json\/wp\/v2\/types\/post"}],"author":[{"embeddable":true,"href":"https:\/\/www.cquartier-saintrambert-ilebarbe.fr\/wp\/wp-json\/wp\/v2\/users\/4"}],"replies":[{"embeddable":true,"href":"https:\/\/www.cquartier-saintrambert-ilebarbe.fr\/wp\/wp-json\/wp\/v2\/comments?post=1222"}],"version-history":[{"count":0,"href":"https:\/\/www.cquartier-saintrambert-ilebarbe.fr\/wp\/wp-json\/wp\/v2\/posts\/1222\/revisions"}],"wp:attachment":[{"href":"https:\/\/www.cquartier-saintrambert-ilebarbe.fr\/wp\/wp-json\/wp\/v2\/media?parent=1222"}],"wp:term":[{"taxonomy":"category","embeddable":true,"href":"https:\/\/www.cquartier-saintrambert-ilebarbe.fr\/wp\/wp-json\/wp\/v2\/categories?post=1222"},{"taxonomy":"post_tag","embeddable":true,"href":"https:\/\/www.cquartier-saintrambert-ilebarbe.fr\/wp\/wp-json\/wp\/v2\/tags?post=1222"}],"curies":[{"name":"wp","href":"https:\/\/api.w.org\/{rel}","templated":true}]}}